{"id":7255,"date":"2022-02-01T03:41:38","date_gmt":"2022-02-01T03:41:38","guid":{"rendered":"https:\/\/aurencosmetica.com\/mantequilla-de-mango-razones-para-empezarla-a-usar-en-su-piel-y-cabello\/"},"modified":"2024-08-25T02:01:43","modified_gmt":"2024-08-25T02:01:43","slug":"mantequilla-de-mango-razones-para-empezarla-a-usar-en-su-piel-y-cabello","status":"publish","type":"post","link":"https:\/\/aurencosmetica.com\/en\/mantequilla-de-mango-razones-para-empezarla-a-usar-en-su-piel-y-cabello\/","title":{"rendered":"MANTEQUILLA DE MANGO RAZONES PARA EMPEZARLA A USAR EN SU PIEL Y CABELLO"},"content":{"rendered":"<p>Crear este ingrediente para uso cosm\u00e9tico significa una oportunidad de desarrollar el trabajo con nuestra cadena productiva, comprometida a la siembra, la producci\u00f3n, la trasformaci\u00f3n y la disposici\u00f3n, en esta disposici\u00f3n nosotros participamos; recibimos este material, lo limpiamos desinfectamos y lo convertimos en producto para la belleza y la salud.<\/p>\n<p>Las mantequillas con las que probablemente est\u00e1n m\u00e1s familiarizados son la manteca de karit\u00e9 y la manteca de cacao, pero su perfil de \u00e1cidos grasos difiere ligeramente porque tiene un mayor nivel de antioxidantes; sus composiciones incluyen \u00e1cido palm\u00edtico, \u00e1cido araqu\u00eddico, \u00e1cido linoleico, \u00e1cido oleico y \u00e1cido este\u00e1rico. Es por eso que es tan eficaz para la curaci\u00f3n y mejorar la apariencia de su piel y el cabello.<\/p>\n<p><a href=\"https:\/\/aureacosmetica.com\/product\/crema-almendra-de-mango-50-g\/\">USOS DE LA MANTEQUILLA DE MANGO<\/a><\/p>\n<p>Como materia prima para la elaboraci\u00f3n de cosm\u00e9ticos, la manteca de mango es \u00fatil us\u00e1ndola en jabones, lociones y cremas de masaje.<\/p>\n<p>La manteca de mango es color blanquecino a amarillo p\u00e1lido. Su textura es s\u00f3lida a temperatura ambiente, semidura, suave, lisa y cremosa. Es f\u00e1cil de aplicar y se absorbe f\u00e1cilmente por la piel. Se ha comprobado que sirven para acondicionar la piel y recuperar su textura para cicatrices y heridas, Estr\u00edas, Erupciones cut\u00e1neas, Pelo seco o da\u00f1ado.<\/p>\n<p>USOS CAPILAR<\/p>\n<p><img data-recalc-dims=\"1\" decoding=\"async\" class=\"aligncenter size-full wp-image-7262\" src=\"https:\/\/i0.wp.com\/aureacosmetica.com\/wp-content\/uploads\/2019\/08\/images-79.jpg?resize=259%2C194&#038;ssl=1\" alt=\"\" width=\"259\" height=\"194\" \/><\/p>\n<p>La manteca de mango se utiliza en la elaboraci\u00f3n de jabones y mascarillas capilares. Si se va a utilizar manteca de mango para el pelo, es interesante saber que ayuda a prevenir la formaci\u00f3n de puntas abiertas y aporta brillo y vitalidad al cuero cabelludo. Adem\u00e1s, resulta muy eficaz en tratamientos para el cabello, ya que refuerza su cut\u00edcula e hidrata los cabellos secos o da\u00f1ados.<\/p>\n<p>Al fortalecer la cut\u00edcula del cabello aporta brillo y luminosidad.<\/p>\n<p>Nutriente y emoliente, repara y suaviza la fibra capilar.<\/p>\n<p>Es un excelente acondicionador para el pelo ya que se absorbe r\u00e1pidamente.<\/p>\n<p>Previene y elimina la desescamaci\u00f3n o caspa del cuero cabelludo.<\/p>\n<p><a href=\"https:\/\/aureacosmetica.com\/cuidado-facial\/\">USO EN PIEL<\/a><\/p>\n<p>Mantiene la hidrataci\u00f3n de la piel. Restituye nuevamente el grado de humedad y luminosidad que el cutis ha perdido con el tiempo debido a los por agentes externos (sol, fr\u00edo \u2026) o por la edad.<\/p>\n<p>Reduce la apariencia de l\u00edneas finas y arrugas. Protege la piel de los signos de envejecimiento prematuro y ayudar a retardar la degeneraci\u00f3n de las c\u00e9lulas de la piel.<\/p>\n<p>Puede ayudar a prevenir la cicatrizaci\u00f3n profunda y las estr\u00edas.<\/p>\n<p>Es calmante y relajante, ya que ayuda a la piel a restaurar su composici\u00f3n lip\u00eddica y rehidratarse despu\u00e9s de la exposici\u00f3n a agresiones externas (fr\u00edo, sol \u2026).<\/p>\n<p>Para tratar las quemaduras solares es excelente.<\/p>\n<p>Ayuda a proteger la piel del clima y la radiaci\u00f3n UV.<\/p>\n<p>Facilita el proceso de eliminaci\u00f3n de toxinas, suciedad y otras impurezas de la piel.<\/p>\n<p>Reduce la inflamaci\u00f3n de la piel y puede ayudar en el tratamiento de varias enfermedades como el acn\u00e9, la dermatitis, el eczema y la psoriasis.<\/p>\n<p>Su alta capacidad antioxidante puede ayudar a curaci\u00f3n de cicatrices, como el acn\u00e9 e incluso las manchas de la edad.<\/p>\n<p>Alivia eficazmente las alergias de la piel y la picaz\u00f3n de las picaduras de insectos.<\/p>\n<p>Para todo tipo de piel pues no es comedog\u00e9nica (no obstruir\u00e1 los poros ni agravar\u00e1 la piel propensa al acn\u00e9).<\/p>\n<p>La piel adquiere una imagen mucho m\u00e1s sana, manejable y flexible a la vista y al tacto. Adem\u00e1s, recupera su brillo natural. Se utiliza principalmente:<\/p>\n<p>&nbsp;<\/p>","protected":false},"excerpt":{"rendered":"<p>Crear este ingrediente para uso cosm\u00e9tico significa una oportunidad de desarrollar el trabajo con nuestra cadena productiva, comprometida a la<\/p>","protected":false},"author":1,"featured_media":0,"comment_status":"open","ping_status":"open","sticky":false,"template":"","format":"standard","meta":{"content-type":"","_jetpack_memberships_contains_paid_content":false,"_joinchat":[],"footnotes":"","jetpack_publicize_message":"","jetpack_publicize_feature_enabled":true,"jetpack_social_post_already_shared":false,"jetpack_social_options":{"image_generator_settings":{"template":"highway","default_image_id":0,"enabled":false},"version":2}},"categories":[255,254,256],"tags":[176],"class_list":["post-7255","post","type-post","status-publish","format-standard","hentry","category-bienestar-emosional","category-cuaidado-corporal","category-equilibrio-energetico","tag-cosmetica-naturalcosmeticos-veganoscuidado-facialmantequillas-cosmeticas"],"yoast_head":"<!-- This site is optimized with the Yoast SEO plugin v25.7 - https:\/\/yoast.com\/wordpress\/plugins\/seo\/ -->\n<title>MANTEQUILLA DE MANGO RAZONES PARA EMPEZARLA A USAR EN SU PIEL Y CABELLO - \u00c1uren Cosm\u00e9tica<\/title>\n<meta name=\"robots\" content=\"index, follow, max-snippet:-1, max-image-preview:large, max-video-preview:-1\" \/>\n<link rel=\"canonical\" href=\"https:\/\/aurencosmetica.com\/en\/mantequilla-de-mango-razones-para-empezarla-a-usar-en-su-piel-y-cabello\/\" \/>\n<meta property=\"og:locale\" content=\"en_US\" \/>\n<meta property=\"og:type\" content=\"article\" \/>\n<meta property=\"og:title\" content=\"MANTEQUILLA DE MANGO RAZONES PARA EMPEZARLA A USAR EN SU PIEL Y CABELLO - \u00c1uren Cosm\u00e9tica\" \/>\n<meta property=\"og:description\" content=\"Crear este ingrediente para uso cosm\u00e9tico significa una oportunidad de desarrollar el trabajo con nuestra cadena productiva, comprometida a la\" \/>\n<meta property=\"og:url\" content=\"https:\/\/aurencosmetica.com\/en\/mantequilla-de-mango-razones-para-empezarla-a-usar-en-su-piel-y-cabello\/\" \/>\n<meta property=\"og:site_name\" content=\"\u00c1uren Cosm\u00e9tica\" \/>\n<meta property=\"article:published_time\" content=\"2022-02-01T03:41:38+00:00\" \/>\n<meta property=\"article:modified_time\" content=\"2024-08-25T02:01:43+00:00\" \/>\n<meta property=\"og:image\" content=\"https:\/\/aureacosmetica.com\/wp-content\/uploads\/2019\/08\/images-79.jpg\" \/>\n<meta name=\"author\" content=\"aurencosmetica\" \/>\n<meta name=\"twitter:card\" content=\"summary_large_image\" \/>\n<meta name=\"twitter:label1\" content=\"Written by\" \/>\n\t<meta name=\"twitter:data1\" content=\"aurencosmetica\" \/>\n\t<meta name=\"twitter:label2\" content=\"Est. reading time\" \/>\n\t<meta name=\"twitter:data2\" content=\"3 minutes\" \/>\n<script type=\"application\/ld+json\" class=\"yoast-schema-graph\">{\"@context\":\"https:\/\/schema.org\",\"@graph\":[{\"@type\":\"Article\",\"@id\":\"https:\/\/aurencosmetica.com\/mantequilla-de-mango-razones-para-empezarla-a-usar-en-su-piel-y-cabello\/#article\",\"isPartOf\":{\"@id\":\"https:\/\/aurencosmetica.com\/mantequilla-de-mango-razones-para-empezarla-a-usar-en-su-piel-y-cabello\/\"},\"author\":{\"name\":\"aurencosmetica\",\"@id\":\"https:\/\/aurencosmetica.com\/#\/schema\/person\/67e1267504877351cd2928e2b70bbb57\"},\"headline\":\"MANTEQUILLA DE MANGO RAZONES PARA EMPEZARLA A USAR EN SU PIEL Y CABELLO\",\"datePublished\":\"2022-02-01T03:41:38+00:00\",\"dateModified\":\"2024-08-25T02:01:43+00:00\",\"mainEntityOfPage\":{\"@id\":\"https:\/\/aurencosmetica.com\/mantequilla-de-mango-razones-para-empezarla-a-usar-en-su-piel-y-cabello\/\"},\"wordCount\":614,\"commentCount\":0,\"publisher\":{\"@id\":\"https:\/\/aurencosmetica.com\/#organization\"},\"image\":{\"@id\":\"https:\/\/aurencosmetica.com\/mantequilla-de-mango-razones-para-empezarla-a-usar-en-su-piel-y-cabello\/#primaryimage\"},\"thumbnailUrl\":\"https:\/\/aureacosmetica.com\/wp-content\/uploads\/2019\/08\/images-79.jpg\",\"keywords\":[\"cosm\u00e9tica natural|cosm\u00e9ticos veganos|cuidado facial|mantequillas cosm\u00e9ticas\"],\"articleSection\":[\"bienestar emosional\",\"cuaidado corporal\",\"equilibrio energetico\"],\"inLanguage\":\"en-US\",\"potentialAction\":[{\"@type\":\"CommentAction\",\"name\":\"Comment\",\"target\":[\"https:\/\/aurencosmetica.com\/mantequilla-de-mango-razones-para-empezarla-a-usar-en-su-piel-y-cabello\/#respond\"]}]},{\"@type\":\"WebPage\",\"@id\":\"https:\/\/aurencosmetica.com\/mantequilla-de-mango-razones-para-empezarla-a-usar-en-su-piel-y-cabello\/\",\"url\":\"https:\/\/aurencosmetica.com\/mantequilla-de-mango-razones-para-empezarla-a-usar-en-su-piel-y-cabello\/\",\"name\":\"MANTEQUILLA DE MANGO RAZONES PARA EMPEZARLA A USAR EN SU PIEL Y CABELLO - \u00c1uren Cosm\u00e9tica\",\"isPartOf\":{\"@id\":\"https:\/\/aurencosmetica.com\/#website\"},\"primaryImageOfPage\":{\"@id\":\"https:\/\/aurencosmetica.com\/mantequilla-de-mango-razones-para-empezarla-a-usar-en-su-piel-y-cabello\/#primaryimage\"},\"image\":{\"@id\":\"https:\/\/aurencosmetica.com\/mantequilla-de-mango-razones-para-empezarla-a-usar-en-su-piel-y-cabello\/#primaryimage\"},\"thumbnailUrl\":\"https:\/\/aureacosmetica.com\/wp-content\/uploads\/2019\/08\/images-79.jpg\",\"datePublished\":\"2022-02-01T03:41:38+00:00\",\"dateModified\":\"2024-08-25T02:01:43+00:00\",\"breadcrumb\":{\"@id\":\"https:\/\/aurencosmetica.com\/mantequilla-de-mango-razones-para-empezarla-a-usar-en-su-piel-y-cabello\/#breadcrumb\"},\"inLanguage\":\"en-US\",\"potentialAction\":[{\"@type\":\"ReadAction\",\"target\":[\"https:\/\/aurencosmetica.com\/mantequilla-de-mango-razones-para-empezarla-a-usar-en-su-piel-y-cabello\/\"]}]},{\"@type\":\"ImageObject\",\"inLanguage\":\"en-US\",\"@id\":\"https:\/\/aurencosmetica.com\/mantequilla-de-mango-razones-para-empezarla-a-usar-en-su-piel-y-cabello\/#primaryimage\",\"url\":\"https:\/\/aureacosmetica.com\/wp-content\/uploads\/2019\/08\/images-79.jpg\",\"contentUrl\":\"https:\/\/aureacosmetica.com\/wp-content\/uploads\/2019\/08\/images-79.jpg\"},{\"@type\":\"BreadcrumbList\",\"@id\":\"https:\/\/aurencosmetica.com\/mantequilla-de-mango-razones-para-empezarla-a-usar-en-su-piel-y-cabello\/#breadcrumb\",\"itemListElement\":[{\"@type\":\"ListItem\",\"position\":1,\"name\":\"Portada\",\"item\":\"https:\/\/aurencosmetica.com\/\"},{\"@type\":\"ListItem\",\"position\":2,\"name\":\"MANTEQUILLA DE MANGO RAZONES PARA EMPEZARLA A USAR EN SU PIEL Y CABELLO\"}]},{\"@type\":\"WebSite\",\"@id\":\"https:\/\/aurencosmetica.com\/#website\",\"url\":\"https:\/\/aurencosmetica.com\/\",\"name\":\"\u00c1uren Cosm\u00e9tica\",\"description\":\"Cosm\u00e9tica Natural\",\"publisher\":{\"@id\":\"https:\/\/aurencosmetica.com\/#organization\"},\"potentialAction\":[{\"@type\":\"SearchAction\",\"target\":{\"@type\":\"EntryPoint\",\"urlTemplate\":\"https:\/\/aurencosmetica.com\/?s={search_term_string}\"},\"query-input\":{\"@type\":\"PropertyValueSpecification\",\"valueRequired\":true,\"valueName\":\"search_term_string\"}}],\"inLanguage\":\"en-US\"},{\"@type\":\"Organization\",\"@id\":\"https:\/\/aurencosmetica.com\/#organization\",\"name\":\"\u00c1uren Cosm\u00e9tica\",\"url\":\"https:\/\/aurencosmetica.com\/\",\"logo\":{\"@type\":\"ImageObject\",\"inLanguage\":\"en-US\",\"@id\":\"https:\/\/aurencosmetica.com\/#\/schema\/logo\/image\/\",\"url\":\"https:\/\/i0.wp.com\/aurencosmetica.com\/wp-content\/uploads\/2022\/02\/Logo-Auren.png?fit=1043%2C423&ssl=1\",\"contentUrl\":\"https:\/\/i0.wp.com\/aurencosmetica.com\/wp-content\/uploads\/2022\/02\/Logo-Auren.png?fit=1043%2C423&ssl=1\",\"width\":1043,\"height\":423,\"caption\":\"\u00c1uren Cosm\u00e9tica\"},\"image\":{\"@id\":\"https:\/\/aurencosmetica.com\/#\/schema\/logo\/image\/\"}},{\"@type\":\"Person\",\"@id\":\"https:\/\/aurencosmetica.com\/#\/schema\/person\/67e1267504877351cd2928e2b70bbb57\",\"name\":\"aurencosmetica\",\"image\":{\"@type\":\"ImageObject\",\"inLanguage\":\"en-US\",\"@id\":\"https:\/\/aurencosmetica.com\/#\/schema\/person\/image\/\",\"url\":\"https:\/\/secure.gravatar.com\/avatar\/d8fc6a363e8c8bb6d4b412b6d66443281777a9d36cf086adbc315836b4415c41?s=96&d=mm&r=g\",\"contentUrl\":\"https:\/\/secure.gravatar.com\/avatar\/d8fc6a363e8c8bb6d4b412b6d66443281777a9d36cf086adbc315836b4415c41?s=96&d=mm&r=g\",\"caption\":\"aurencosmetica\"},\"sameAs\":[\"https:\/\/aurencosmetica.com\"],\"url\":\"https:\/\/aurencosmetica.com\/en\/author\/aurencosmetica\/\"}]}<\/script>\n<!-- \/ Yoast SEO plugin. -->","yoast_head_json":{"title":"MANTEQUILLA DE MANGO RAZONES PARA EMPEZARLA A USAR EN SU PIEL Y CABELLO - \u00c1uren Cosm\u00e9tica","robots":{"index":"index","follow":"follow","max-snippet":"max-snippet:-1","max-image-preview":"max-image-preview:large","max-video-preview":"max-video-preview:-1"},"canonical":"https:\/\/aurencosmetica.com\/en\/mantequilla-de-mango-razones-para-empezarla-a-usar-en-su-piel-y-cabello\/","og_locale":"en_US","og_type":"article","og_title":"MANTEQUILLA DE MANGO RAZONES PARA EMPEZARLA A USAR EN SU PIEL Y CABELLO - \u00c1uren Cosm\u00e9tica","og_description":"Crear este ingrediente para uso cosm\u00e9tico significa una oportunidad de desarrollar el trabajo con nuestra cadena productiva, comprometida a la","og_url":"https:\/\/aurencosmetica.com\/en\/mantequilla-de-mango-razones-para-empezarla-a-usar-en-su-piel-y-cabello\/","og_site_name":"\u00c1uren Cosm\u00e9tica","article_published_time":"2022-02-01T03:41:38+00:00","article_modified_time":"2024-08-25T02:01:43+00:00","og_image":[{"url":"https:\/\/aureacosmetica.com\/wp-content\/uploads\/2019\/08\/images-79.jpg","type":"","width":"","height":""}],"author":"aurencosmetica","twitter_card":"summary_large_image","twitter_misc":{"Written by":"aurencosmetica","Est. reading time":"3 minutes"},"schema":{"@context":"https:\/\/schema.org","@graph":[{"@type":"Article","@id":"https:\/\/aurencosmetica.com\/mantequilla-de-mango-razones-para-empezarla-a-usar-en-su-piel-y-cabello\/#article","isPartOf":{"@id":"https:\/\/aurencosmetica.com\/mantequilla-de-mango-razones-para-empezarla-a-usar-en-su-piel-y-cabello\/"},"author":{"name":"aurencosmetica","@id":"https:\/\/aurencosmetica.com\/#\/schema\/person\/67e1267504877351cd2928e2b70bbb57"},"headline":"MANTEQUILLA DE MANGO RAZONES PARA EMPEZARLA A USAR EN SU PIEL Y CABELLO","datePublished":"2022-02-01T03:41:38+00:00","dateModified":"2024-08-25T02:01:43+00:00","mainEntityOfPage":{"@id":"https:\/\/aurencosmetica.com\/mantequilla-de-mango-razones-para-empezarla-a-usar-en-su-piel-y-cabello\/"},"wordCount":614,"commentCount":0,"publisher":{"@id":"https:\/\/aurencosmetica.com\/#organization"},"image":{"@id":"https:\/\/aurencosmetica.com\/mantequilla-de-mango-razones-para-empezarla-a-usar-en-su-piel-y-cabello\/#primaryimage"},"thumbnailUrl":"https:\/\/aureacosmetica.com\/wp-content\/uploads\/2019\/08\/images-79.jpg","keywords":["cosm\u00e9tica natural|cosm\u00e9ticos veganos|cuidado facial|mantequillas cosm\u00e9ticas"],"articleSection":["bienestar emosional","cuaidado corporal","equilibrio energetico"],"inLanguage":"en-US","potentialAction":[{"@type":"CommentAction","name":"Comment","target":["https:\/\/aurencosmetica.com\/mantequilla-de-mango-razones-para-empezarla-a-usar-en-su-piel-y-cabello\/#respond"]}]},{"@type":"WebPage","@id":"https:\/\/aurencosmetica.com\/mantequilla-de-mango-razones-para-empezarla-a-usar-en-su-piel-y-cabello\/","url":"https:\/\/aurencosmetica.com\/mantequilla-de-mango-razones-para-empezarla-a-usar-en-su-piel-y-cabello\/","name":"MANTEQUILLA DE MANGO RAZONES PARA EMPEZARLA A USAR EN SU PIEL Y CABELLO - \u00c1uren Cosm\u00e9tica","isPartOf":{"@id":"https:\/\/aurencosmetica.com\/#website"},"primaryImageOfPage":{"@id":"https:\/\/aurencosmetica.com\/mantequilla-de-mango-razones-para-empezarla-a-usar-en-su-piel-y-cabello\/#primaryimage"},"image":{"@id":"https:\/\/aurencosmetica.com\/mantequilla-de-mango-razones-para-empezarla-a-usar-en-su-piel-y-cabello\/#primaryimage"},"thumbnailUrl":"https:\/\/aureacosmetica.com\/wp-content\/uploads\/2019\/08\/images-79.jpg","datePublished":"2022-02-01T03:41:38+00:00","dateModified":"2024-08-25T02:01:43+00:00","breadcrumb":{"@id":"https:\/\/aurencosmetica.com\/mantequilla-de-mango-razones-para-empezarla-a-usar-en-su-piel-y-cabello\/#breadcrumb"},"inLanguage":"en-US","potentialAction":[{"@type":"ReadAction","target":["https:\/\/aurencosmetica.com\/mantequilla-de-mango-razones-para-empezarla-a-usar-en-su-piel-y-cabello\/"]}]},{"@type":"ImageObject","inLanguage":"en-US","@id":"https:\/\/aurencosmetica.com\/mantequilla-de-mango-razones-para-empezarla-a-usar-en-su-piel-y-cabello\/#primaryimage","url":"https:\/\/aureacosmetica.com\/wp-content\/uploads\/2019\/08\/images-79.jpg","contentUrl":"https:\/\/aureacosmetica.com\/wp-content\/uploads\/2019\/08\/images-79.jpg"},{"@type":"BreadcrumbList","@id":"https:\/\/aurencosmetica.com\/mantequilla-de-mango-razones-para-empezarla-a-usar-en-su-piel-y-cabello\/#breadcrumb","itemListElement":[{"@type":"ListItem","position":1,"name":"Portada","item":"https:\/\/aurencosmetica.com\/"},{"@type":"ListItem","position":2,"name":"MANTEQUILLA DE MANGO RAZONES PARA EMPEZARLA A USAR EN SU PIEL Y CABELLO"}]},{"@type":"WebSite","@id":"https:\/\/aurencosmetica.com\/#website","url":"https:\/\/aurencosmetica.com\/","name":"\u00c1uren Cosm\u00e9tica","description":"Cosm\u00e9tica Natural","publisher":{"@id":"https:\/\/aurencosmetica.com\/#organization"},"potentialAction":[{"@type":"SearchAction","target":{"@type":"EntryPoint","urlTemplate":"https:\/\/aurencosmetica.com\/?s={search_term_string}"},"query-input":{"@type":"PropertyValueSpecification","valueRequired":true,"valueName":"search_term_string"}}],"inLanguage":"en-US"},{"@type":"Organization","@id":"https:\/\/aurencosmetica.com\/#organization","name":"\u00c1uren Cosm\u00e9tica","url":"https:\/\/aurencosmetica.com\/","logo":{"@type":"ImageObject","inLanguage":"en-US","@id":"https:\/\/aurencosmetica.com\/#\/schema\/logo\/image\/","url":"https:\/\/i0.wp.com\/aurencosmetica.com\/wp-content\/uploads\/2022\/02\/Logo-Auren.png?fit=1043%2C423&ssl=1","contentUrl":"https:\/\/i0.wp.com\/aurencosmetica.com\/wp-content\/uploads\/2022\/02\/Logo-Auren.png?fit=1043%2C423&ssl=1","width":1043,"height":423,"caption":"\u00c1uren Cosm\u00e9tica"},"image":{"@id":"https:\/\/aurencosmetica.com\/#\/schema\/logo\/image\/"}},{"@type":"Person","@id":"https:\/\/aurencosmetica.com\/#\/schema\/person\/67e1267504877351cd2928e2b70bbb57","name":"aurencosmetica","image":{"@type":"ImageObject","inLanguage":"en-US","@id":"https:\/\/aurencosmetica.com\/#\/schema\/person\/image\/","url":"https:\/\/secure.gravatar.com\/avatar\/d8fc6a363e8c8bb6d4b412b6d66443281777a9d36cf086adbc315836b4415c41?s=96&d=mm&r=g","contentUrl":"https:\/\/secure.gravatar.com\/avatar\/d8fc6a363e8c8bb6d4b412b6d66443281777a9d36cf086adbc315836b4415c41?s=96&d=mm&r=g","caption":"aurencosmetica"},"sameAs":["https:\/\/aurencosmetica.com"],"url":"https:\/\/aurencosmetica.com\/en\/author\/aurencosmetica\/"}]}},"jetpack_publicize_connections":[],"jetpack_featured_media_url":"","jetpack_sharing_enabled":true,"_links":{"self":[{"href":"https:\/\/aurencosmetica.com\/en\/wp-json\/wp\/v2\/posts\/7255","targetHints":{"allow":["GET"]}}],"collection":[{"href":"https:\/\/aurencosmetica.com\/en\/wp-json\/wp\/v2\/posts"}],"about":[{"href":"https:\/\/aurencosmetica.com\/en\/wp-json\/wp\/v2\/types\/post"}],"author":[{"embeddable":true,"href":"https:\/\/aurencosmetica.com\/en\/wp-json\/wp\/v2\/users\/1"}],"replies":[{"embeddable":true,"href":"https:\/\/aurencosmetica.com\/en\/wp-json\/wp\/v2\/comments?post=7255"}],"version-history":[{"count":0,"href":"https:\/\/aurencosmetica.com\/en\/wp-json\/wp\/v2\/posts\/7255\/revisions"}],"wp:attachment":[{"href":"https:\/\/aurencosmetica.com\/en\/wp-json\/wp\/v2\/media?parent=7255"}],"wp:term":[{"taxonomy":"category","embeddable":true,"href":"https:\/\/aurencosmetica.com\/en\/wp-json\/wp\/v2\/categories?post=7255"},{"taxonomy":"post_tag","embeddable":true,"href":"https:\/\/aurencosmetica.com\/en\/wp-json\/wp\/v2\/tags?post=7255"}],"curies":[{"name":"wp","href":"https:\/\/api.w.org\/{rel}","templated":true}]}}