{"id":7252,"date":"2022-02-01T03:41:38","date_gmt":"2022-02-01T03:41:38","guid":{"rendered":"https:\/\/aurencosmetica.com\/cuidado-natural-con-maracuya\/"},"modified":"2024-08-25T02:01:01","modified_gmt":"2024-08-25T02:01:01","slug":"cuidado-natural-con-maracuya","status":"publish","type":"post","link":"https:\/\/aurencosmetica.com\/en\/cuidado-natural-con-maracuya\/","title":{"rendered":"Cuidado natural con maracuy\u00e1"},"content":{"rendered":"<p><img data-recalc-dims=\"1\" decoding=\"async\" class=\"alignnone size-medium wp-image-7128\" src=\"https:\/\/i0.wp.com\/aureacosmetica.com\/wp-content\/uploads\/2019\/06\/IMG_20190201_140020_642-300x300.jpg?resize=300%2C300&#038;ssl=1\" alt=\"\" width=\"300\" height=\"300\"><\/p>\n<p>Sabias que!!! Los productos para el cuidado de la piel cuentan con diversas frutas entre sus ingredientes principales con la misi\u00f3n de hidratar y brindar BENEFICIO a quienes la usan. En ellas se destaca el <a href=\"https:\/\/aureacosmetica.com\/product\/oleo-desmaquillador-con-aceite-de-maracuya-60-ml\/\"><strong>maracuy\u00e1<\/strong><\/a>.<\/p>\n<p>En la cosm\u00e9tica, el <strong><em>maracuy\u00e1<\/em><\/strong> es considerado un activo valioso, ya que el aceite extra\u00eddo de sus semillas, es rico en Omega 6 y es uno de los pocos aceites vegetales que contiene un componente llamado ESCUALENO&nbsp; que contribuye a la restauraci\u00f3n de la capa lip\u00eddica de la piel, proporcionando suavidad e hidrataci\u00f3n.<\/p>\n<p><strong>Los beneficios terap\u00e9utico<\/strong>s de esta planta han sido aprovechados para tratar problemas de sue\u00f1o y estr\u00e9s, por sus efectos tranquilizantes. Esto se debe a la acci\u00f3n de los flavonoides que ejercen una efectiva sensaci\u00f3n calmante que relaja el organismo.<\/p>\n<p><strong>Sus propiedades calmantes reducen los dolores musculares y dolores de cabeza.<\/strong>&nbsp;Relajan el cuerpo ayudando a combatir el estr\u00e9s y el insomnio.<\/p>\n<p><strong>Cuidados para pieles Grasas. <\/strong>Es coadyuvante en la disminuci\u00f3n del sebo que se presenta en las pieles grasas, por esto puede ser usada en personas que est\u00e1n en tratamiento de acn\u00e9 y tiene la piel muy reseca, no es comidogenico.<\/p>\n<p>Ideal para pieles sensibles.<\/p>\n<p>RITUAL encuentralo en<a href=\"https:\/\/aureacosmetica.com\/\"> www.aureacosmetica.com<\/a><\/p>\n<p><span style=\"color: #99cc00;\">PARA TU PIEL<\/span><\/p>\n<p><a href=\"https:\/\/aureacosmetica.com\/product\/crema-corporal-exfoliante-maracuya-170-g\/\">EXFOLIANTE DE MARACUYA&nbsp;<\/a><\/p>\n<p><a href=\"https:\/\/aureacosmetica.com\/product\/oleo-desmaquillador-con-aceite-de-maracuya-60-ml\/\">OLEO DESMAQUILLADOR&nbsp;<\/a><\/p>\n<div id=\"attachment_7121\" style=\"width: 192px\" class=\"wp-caption alignnone\"><img data-recalc-dims=\"1\" decoding=\"async\" aria-describedby=\"caption-attachment-7121\" class=\"size-medium wp-image-7121\" src=\"https:\/\/i0.wp.com\/aureacosmetica.com\/wp-content\/uploads\/2019\/06\/IMG_20190201_135513_522-182x300.jpg?resize=182%2C300&#038;ssl=1\" alt=\"\" width=\"182\" height=\"300\"><p id=\"caption-attachment-7121\" class=\"wp-caption-text\">ACEITE Y EXFOLIANTE DE SEMILLAS DE MARACUYA<\/p><\/div>\n<p>&nbsp;<\/p>","protected":false},"excerpt":{"rendered":"<p>Sabias que!!! Los productos para el cuidado de la piel cuentan con diversas frutas entre sus ingredientes principales con la<\/p>","protected":false},"author":1,"featured_media":7435,"comment_status":"open","ping_status":"open","sticky":false,"template":"","format":"standard","meta":{"content-type":"","_jetpack_memberships_contains_paid_content":false,"_joinchat":[],"footnotes":"","jetpack_publicize_message":"","jetpack_publicize_feature_enabled":true,"jetpack_social_post_already_shared":false,"jetpack_social_options":{"image_generator_settings":{"template":"highway","default_image_id":0,"enabled":false},"version":2}},"categories":[255,253,256],"tags":[],"class_list":["post-7252","post","type-post","status-publish","format-standard","has-post-thumbnail","hentry","category-bienestar-emosional","category-cuidado-facila","category-equilibrio-energetico"],"yoast_head":"<!-- This site is optimized with the Yoast SEO plugin v25.7 - https:\/\/yoast.com\/wordpress\/plugins\/seo\/ -->\n<title>Cuidado natural con maracuy\u00e1 - \u00c1uren Cosm\u00e9tica<\/title>\n<meta name=\"robots\" content=\"index, follow, max-snippet:-1, max-image-preview:large, max-video-preview:-1\" \/>\n<link rel=\"canonical\" href=\"https:\/\/aurencosmetica.com\/en\/cuidado-natural-con-maracuya\/\" \/>\n<meta property=\"og:locale\" content=\"en_US\" \/>\n<meta property=\"og:type\" content=\"article\" \/>\n<meta property=\"og:title\" content=\"Cuidado natural con maracuy\u00e1 - \u00c1uren Cosm\u00e9tica\" \/>\n<meta property=\"og:description\" content=\"Sabias que!!! Los productos para el cuidado de la piel cuentan con diversas frutas entre sus ingredientes principales con la\" \/>\n<meta property=\"og:url\" content=\"https:\/\/aurencosmetica.com\/en\/cuidado-natural-con-maracuya\/\" \/>\n<meta property=\"og:site_name\" content=\"\u00c1uren Cosm\u00e9tica\" \/>\n<meta property=\"article:published_time\" content=\"2022-02-01T03:41:38+00:00\" \/>\n<meta property=\"article:modified_time\" content=\"2024-08-25T02:01:01+00:00\" \/>\n<meta property=\"og:image\" content=\"https:\/\/aurencosmetica.com\/wp-content\/uploads\/2022\/02\/IMG_20190201_140020_642-1080x640-1.jpg\" \/>\n\t<meta property=\"og:image:width\" content=\"1080\" \/>\n\t<meta property=\"og:image:height\" content=\"640\" \/>\n\t<meta property=\"og:image:type\" content=\"image\/jpeg\" \/>\n<meta name=\"author\" content=\"aurencosmetica\" \/>\n<meta name=\"twitter:card\" content=\"summary_large_image\" \/>\n<meta name=\"twitter:label1\" content=\"Written by\" \/>\n\t<meta name=\"twitter:data1\" content=\"aurencosmetica\" \/>\n\t<meta name=\"twitter:label2\" content=\"Est. reading time\" \/>\n\t<meta name=\"twitter:data2\" content=\"1 minute\" \/>\n<script type=\"application\/ld+json\" class=\"yoast-schema-graph\">{\"@context\":\"https:\/\/schema.org\",\"@graph\":[{\"@type\":\"Article\",\"@id\":\"https:\/\/aurencosmetica.com\/cuidado-natural-con-maracuya\/#article\",\"isPartOf\":{\"@id\":\"https:\/\/aurencosmetica.com\/cuidado-natural-con-maracuya\/\"},\"author\":{\"name\":\"aurencosmetica\",\"@id\":\"https:\/\/aurencosmetica.com\/#\/schema\/person\/67e1267504877351cd2928e2b70bbb57\"},\"headline\":\"Cuidado natural con maracuy\u00e1\",\"datePublished\":\"2022-02-01T03:41:38+00:00\",\"dateModified\":\"2024-08-25T02:01:01+00:00\",\"mainEntityOfPage\":{\"@id\":\"https:\/\/aurencosmetica.com\/cuidado-natural-con-maracuya\/\"},\"wordCount\":244,\"commentCount\":0,\"publisher\":{\"@id\":\"https:\/\/aurencosmetica.com\/#organization\"},\"image\":{\"@id\":\"https:\/\/aurencosmetica.com\/cuidado-natural-con-maracuya\/#primaryimage\"},\"thumbnailUrl\":\"https:\/\/i0.wp.com\/aurencosmetica.com\/wp-content\/uploads\/2022\/02\/IMG_20190201_140020_642-1080x640-1.jpg?fit=1080%2C640&ssl=1\",\"articleSection\":[\"bienestar emosional\",\"cuidado facila\",\"equilibrio energetico\"],\"inLanguage\":\"en-US\",\"potentialAction\":[{\"@type\":\"CommentAction\",\"name\":\"Comment\",\"target\":[\"https:\/\/aurencosmetica.com\/cuidado-natural-con-maracuya\/#respond\"]}]},{\"@type\":\"WebPage\",\"@id\":\"https:\/\/aurencosmetica.com\/cuidado-natural-con-maracuya\/\",\"url\":\"https:\/\/aurencosmetica.com\/cuidado-natural-con-maracuya\/\",\"name\":\"Cuidado natural con maracuy\u00e1 - \u00c1uren Cosm\u00e9tica\",\"isPartOf\":{\"@id\":\"https:\/\/aurencosmetica.com\/#website\"},\"primaryImageOfPage\":{\"@id\":\"https:\/\/aurencosmetica.com\/cuidado-natural-con-maracuya\/#primaryimage\"},\"image\":{\"@id\":\"https:\/\/aurencosmetica.com\/cuidado-natural-con-maracuya\/#primaryimage\"},\"thumbnailUrl\":\"https:\/\/i0.wp.com\/aurencosmetica.com\/wp-content\/uploads\/2022\/02\/IMG_20190201_140020_642-1080x640-1.jpg?fit=1080%2C640&ssl=1\",\"datePublished\":\"2022-02-01T03:41:38+00:00\",\"dateModified\":\"2024-08-25T02:01:01+00:00\",\"breadcrumb\":{\"@id\":\"https:\/\/aurencosmetica.com\/cuidado-natural-con-maracuya\/#breadcrumb\"},\"inLanguage\":\"en-US\",\"potentialAction\":[{\"@type\":\"ReadAction\",\"target\":[\"https:\/\/aurencosmetica.com\/cuidado-natural-con-maracuya\/\"]}]},{\"@type\":\"ImageObject\",\"inLanguage\":\"en-US\",\"@id\":\"https:\/\/aurencosmetica.com\/cuidado-natural-con-maracuya\/#primaryimage\",\"url\":\"https:\/\/i0.wp.com\/aurencosmetica.com\/wp-content\/uploads\/2022\/02\/IMG_20190201_140020_642-1080x640-1.jpg?fit=1080%2C640&ssl=1\",\"contentUrl\":\"https:\/\/i0.wp.com\/aurencosmetica.com\/wp-content\/uploads\/2022\/02\/IMG_20190201_140020_642-1080x640-1.jpg?fit=1080%2C640&ssl=1\",\"width\":1080,\"height\":640},{\"@type\":\"BreadcrumbList\",\"@id\":\"https:\/\/aurencosmetica.com\/cuidado-natural-con-maracuya\/#breadcrumb\",\"itemListElement\":[{\"@type\":\"ListItem\",\"position\":1,\"name\":\"Portada\",\"item\":\"https:\/\/aurencosmetica.com\/\"},{\"@type\":\"ListItem\",\"position\":2,\"name\":\"Cuidado natural con maracuy\u00e1\"}]},{\"@type\":\"WebSite\",\"@id\":\"https:\/\/aurencosmetica.com\/#website\",\"url\":\"https:\/\/aurencosmetica.com\/\",\"name\":\"\u00c1uren Cosm\u00e9tica\",\"description\":\"Cosm\u00e9tica Natural\",\"publisher\":{\"@id\":\"https:\/\/aurencosmetica.com\/#organization\"},\"potentialAction\":[{\"@type\":\"SearchAction\",\"target\":{\"@type\":\"EntryPoint\",\"urlTemplate\":\"https:\/\/aurencosmetica.com\/?s={search_term_string}\"},\"query-input\":{\"@type\":\"PropertyValueSpecification\",\"valueRequired\":true,\"valueName\":\"search_term_string\"}}],\"inLanguage\":\"en-US\"},{\"@type\":\"Organization\",\"@id\":\"https:\/\/aurencosmetica.com\/#organization\",\"name\":\"\u00c1uren Cosm\u00e9tica\",\"url\":\"https:\/\/aurencosmetica.com\/\",\"logo\":{\"@type\":\"ImageObject\",\"inLanguage\":\"en-US\",\"@id\":\"https:\/\/aurencosmetica.com\/#\/schema\/logo\/image\/\",\"url\":\"https:\/\/i0.wp.com\/aurencosmetica.com\/wp-content\/uploads\/2022\/02\/Logo-Auren.png?fit=1043%2C423&ssl=1\",\"contentUrl\":\"https:\/\/i0.wp.com\/aurencosmetica.com\/wp-content\/uploads\/2022\/02\/Logo-Auren.png?fit=1043%2C423&ssl=1\",\"width\":1043,\"height\":423,\"caption\":\"\u00c1uren Cosm\u00e9tica\"},\"image\":{\"@id\":\"https:\/\/aurencosmetica.com\/#\/schema\/logo\/image\/\"}},{\"@type\":\"Person\",\"@id\":\"https:\/\/aurencosmetica.com\/#\/schema\/person\/67e1267504877351cd2928e2b70bbb57\",\"name\":\"aurencosmetica\",\"image\":{\"@type\":\"ImageObject\",\"inLanguage\":\"en-US\",\"@id\":\"https:\/\/aurencosmetica.com\/#\/schema\/person\/image\/\",\"url\":\"https:\/\/secure.gravatar.com\/avatar\/d8fc6a363e8c8bb6d4b412b6d66443281777a9d36cf086adbc315836b4415c41?s=96&d=mm&r=g\",\"contentUrl\":\"https:\/\/secure.gravatar.com\/avatar\/d8fc6a363e8c8bb6d4b412b6d66443281777a9d36cf086adbc315836b4415c41?s=96&d=mm&r=g\",\"caption\":\"aurencosmetica\"},\"sameAs\":[\"https:\/\/aurencosmetica.com\"],\"url\":\"https:\/\/aurencosmetica.com\/en\/author\/aurencosmetica\/\"}]}<\/script>\n<!-- \/ Yoast SEO plugin. -->","yoast_head_json":{"title":"Cuidado natural con maracuy\u00e1 - \u00c1uren Cosm\u00e9tica","robots":{"index":"index","follow":"follow","max-snippet":"max-snippet:-1","max-image-preview":"max-image-preview:large","max-video-preview":"max-video-preview:-1"},"canonical":"https:\/\/aurencosmetica.com\/en\/cuidado-natural-con-maracuya\/","og_locale":"en_US","og_type":"article","og_title":"Cuidado natural con maracuy\u00e1 - \u00c1uren Cosm\u00e9tica","og_description":"Sabias que!!! Los productos para el cuidado de la piel cuentan con diversas frutas entre sus ingredientes principales con la","og_url":"https:\/\/aurencosmetica.com\/en\/cuidado-natural-con-maracuya\/","og_site_name":"\u00c1uren Cosm\u00e9tica","article_published_time":"2022-02-01T03:41:38+00:00","article_modified_time":"2024-08-25T02:01:01+00:00","og_image":[{"width":1080,"height":640,"url":"https:\/\/aurencosmetica.com\/wp-content\/uploads\/2022\/02\/IMG_20190201_140020_642-1080x640-1.jpg","type":"image\/jpeg"}],"author":"aurencosmetica","twitter_card":"summary_large_image","twitter_misc":{"Written by":"aurencosmetica","Est. reading time":"1 minute"},"schema":{"@context":"https:\/\/schema.org","@graph":[{"@type":"Article","@id":"https:\/\/aurencosmetica.com\/cuidado-natural-con-maracuya\/#article","isPartOf":{"@id":"https:\/\/aurencosmetica.com\/cuidado-natural-con-maracuya\/"},"author":{"name":"aurencosmetica","@id":"https:\/\/aurencosmetica.com\/#\/schema\/person\/67e1267504877351cd2928e2b70bbb57"},"headline":"Cuidado natural con maracuy\u00e1","datePublished":"2022-02-01T03:41:38+00:00","dateModified":"2024-08-25T02:01:01+00:00","mainEntityOfPage":{"@id":"https:\/\/aurencosmetica.com\/cuidado-natural-con-maracuya\/"},"wordCount":244,"commentCount":0,"publisher":{"@id":"https:\/\/aurencosmetica.com\/#organization"},"image":{"@id":"https:\/\/aurencosmetica.com\/cuidado-natural-con-maracuya\/#primaryimage"},"thumbnailUrl":"https:\/\/i0.wp.com\/aurencosmetica.com\/wp-content\/uploads\/2022\/02\/IMG_20190201_140020_642-1080x640-1.jpg?fit=1080%2C640&ssl=1","articleSection":["bienestar emosional","cuidado facila","equilibrio energetico"],"inLanguage":"en-US","potentialAction":[{"@type":"CommentAction","name":"Comment","target":["https:\/\/aurencosmetica.com\/cuidado-natural-con-maracuya\/#respond"]}]},{"@type":"WebPage","@id":"https:\/\/aurencosmetica.com\/cuidado-natural-con-maracuya\/","url":"https:\/\/aurencosmetica.com\/cuidado-natural-con-maracuya\/","name":"Cuidado natural con maracuy\u00e1 - \u00c1uren Cosm\u00e9tica","isPartOf":{"@id":"https:\/\/aurencosmetica.com\/#website"},"primaryImageOfPage":{"@id":"https:\/\/aurencosmetica.com\/cuidado-natural-con-maracuya\/#primaryimage"},"image":{"@id":"https:\/\/aurencosmetica.com\/cuidado-natural-con-maracuya\/#primaryimage"},"thumbnailUrl":"https:\/\/i0.wp.com\/aurencosmetica.com\/wp-content\/uploads\/2022\/02\/IMG_20190201_140020_642-1080x640-1.jpg?fit=1080%2C640&ssl=1","datePublished":"2022-02-01T03:41:38+00:00","dateModified":"2024-08-25T02:01:01+00:00","breadcrumb":{"@id":"https:\/\/aurencosmetica.com\/cuidado-natural-con-maracuya\/#breadcrumb"},"inLanguage":"en-US","potentialAction":[{"@type":"ReadAction","target":["https:\/\/aurencosmetica.com\/cuidado-natural-con-maracuya\/"]}]},{"@type":"ImageObject","inLanguage":"en-US","@id":"https:\/\/aurencosmetica.com\/cuidado-natural-con-maracuya\/#primaryimage","url":"https:\/\/i0.wp.com\/aurencosmetica.com\/wp-content\/uploads\/2022\/02\/IMG_20190201_140020_642-1080x640-1.jpg?fit=1080%2C640&ssl=1","contentUrl":"https:\/\/i0.wp.com\/aurencosmetica.com\/wp-content\/uploads\/2022\/02\/IMG_20190201_140020_642-1080x640-1.jpg?fit=1080%2C640&ssl=1","width":1080,"height":640},{"@type":"BreadcrumbList","@id":"https:\/\/aurencosmetica.com\/cuidado-natural-con-maracuya\/#breadcrumb","itemListElement":[{"@type":"ListItem","position":1,"name":"Portada","item":"https:\/\/aurencosmetica.com\/"},{"@type":"ListItem","position":2,"name":"Cuidado natural con maracuy\u00e1"}]},{"@type":"WebSite","@id":"https:\/\/aurencosmetica.com\/#website","url":"https:\/\/aurencosmetica.com\/","name":"\u00c1uren Cosm\u00e9tica","description":"Cosm\u00e9tica Natural","publisher":{"@id":"https:\/\/aurencosmetica.com\/#organization"},"potentialAction":[{"@type":"SearchAction","target":{"@type":"EntryPoint","urlTemplate":"https:\/\/aurencosmetica.com\/?s={search_term_string}"},"query-input":{"@type":"PropertyValueSpecification","valueRequired":true,"valueName":"search_term_string"}}],"inLanguage":"en-US"},{"@type":"Organization","@id":"https:\/\/aurencosmetica.com\/#organization","name":"\u00c1uren Cosm\u00e9tica","url":"https:\/\/aurencosmetica.com\/","logo":{"@type":"ImageObject","inLanguage":"en-US","@id":"https:\/\/aurencosmetica.com\/#\/schema\/logo\/image\/","url":"https:\/\/i0.wp.com\/aurencosmetica.com\/wp-content\/uploads\/2022\/02\/Logo-Auren.png?fit=1043%2C423&ssl=1","contentUrl":"https:\/\/i0.wp.com\/aurencosmetica.com\/wp-content\/uploads\/2022\/02\/Logo-Auren.png?fit=1043%2C423&ssl=1","width":1043,"height":423,"caption":"\u00c1uren Cosm\u00e9tica"},"image":{"@id":"https:\/\/aurencosmetica.com\/#\/schema\/logo\/image\/"}},{"@type":"Person","@id":"https:\/\/aurencosmetica.com\/#\/schema\/person\/67e1267504877351cd2928e2b70bbb57","name":"aurencosmetica","image":{"@type":"ImageObject","inLanguage":"en-US","@id":"https:\/\/aurencosmetica.com\/#\/schema\/person\/image\/","url":"https:\/\/secure.gravatar.com\/avatar\/d8fc6a363e8c8bb6d4b412b6d66443281777a9d36cf086adbc315836b4415c41?s=96&d=mm&r=g","contentUrl":"https:\/\/secure.gravatar.com\/avatar\/d8fc6a363e8c8bb6d4b412b6d66443281777a9d36cf086adbc315836b4415c41?s=96&d=mm&r=g","caption":"aurencosmetica"},"sameAs":["https:\/\/aurencosmetica.com"],"url":"https:\/\/aurencosmetica.com\/en\/author\/aurencosmetica\/"}]}},"jetpack_publicize_connections":[],"jetpack_featured_media_url":"https:\/\/i0.wp.com\/aurencosmetica.com\/wp-content\/uploads\/2022\/02\/IMG_20190201_140020_642-1080x640-1.jpg?fit=1080%2C640&ssl=1","jetpack_sharing_enabled":true,"_links":{"self":[{"href":"https:\/\/aurencosmetica.com\/en\/wp-json\/wp\/v2\/posts\/7252","targetHints":{"allow":["GET"]}}],"collection":[{"href":"https:\/\/aurencosmetica.com\/en\/wp-json\/wp\/v2\/posts"}],"about":[{"href":"https:\/\/aurencosmetica.com\/en\/wp-json\/wp\/v2\/types\/post"}],"author":[{"embeddable":true,"href":"https:\/\/aurencosmetica.com\/en\/wp-json\/wp\/v2\/users\/1"}],"replies":[{"embeddable":true,"href":"https:\/\/aurencosmetica.com\/en\/wp-json\/wp\/v2\/comments?post=7252"}],"version-history":[{"count":0,"href":"https:\/\/aurencosmetica.com\/en\/wp-json\/wp\/v2\/posts\/7252\/revisions"}],"wp:featuredmedia":[{"embeddable":true,"href":"https:\/\/aurencosmetica.com\/en\/wp-json\/wp\/v2\/media\/7435"}],"wp:attachment":[{"href":"https:\/\/aurencosmetica.com\/en\/wp-json\/wp\/v2\/media?parent=7252"}],"wp:term":[{"taxonomy":"category","embeddable":true,"href":"https:\/\/aurencosmetica.com\/en\/wp-json\/wp\/v2\/categories?post=7252"},{"taxonomy":"post_tag","embeddable":true,"href":"https:\/\/aurencosmetica.com\/en\/wp-json\/wp\/v2\/tags?post=7252"}],"curies":[{"name":"wp","href":"https:\/\/api.w.org\/{rel}","templated":true}]}}