{"id":7251,"date":"2022-02-01T03:41:38","date_gmt":"2022-02-01T03:41:38","guid":{"rendered":"https:\/\/aurencosmetica.com\/armonia-aurea\/"},"modified":"2024-01-26T16:32:26","modified_gmt":"2024-01-26T16:32:26","slug":"armonia-aurea","status":"publish","type":"post","link":"https:\/\/aurencosmetica.com\/en\/armonia-aurea\/","title":{"rendered":"ARMON\u00cdA \u00c1UREN"},"content":{"rendered":"<div class=\"vc_row wpb_row vc_row-fluid\"><div class=\"wpb_column vc_column_container vc_col-sm-6\"><div class=\"vc_column-inner\"><div class=\"wpb_wrapper\">\n\t<div class=\"wpb_text_column wpb_content_element\" >\n\t\t<div class=\"wpb_wrapper\">\n\t\t\t<p>La armon\u00eda \u00e1urea es una forma de ver el mundo que todos podemos tomar, Pero \u00bfqu\u00e9 significa vivir en armon\u00eda? Es lograr un equilibrio en tus pensamientos, acciones y sentimientos, a fin de disfrutar cada momento, vivir en paz contigo mismo y los dem\u00e1s, experimentar una energ\u00eda positiva que recorre todo tu ser y te da felicidad, paciencia y sabidur\u00eda para enfrentar diversas situaciones; \u00bfy qu\u00e9 significa\u00a0<b>ARMON\u00cdA \u00c1UREN<\/b>? Es lo anterior y m\u00e1s\u2026 vivir pleno con un amarre profundo de tu cuerpo, tu mente y tu esp\u00edritu para lo que te invitamos a conectarte con lo natural a trav\u00e9s de nuestros productos.<\/p>\n<p>En el diario vivir hay momentos en los que no podemos zafarnos de nuestra realidad, por lo tanto debemos buscar a nuestro alrededor diferentes herramientas para lograr encontrar la armon\u00eda.<\/p>\n<p>Una de las herramientas para conseguir dicha armon\u00eda y bienestar es la aroma-terapia. Mediante la misma nos conectamos con la naturaleza a trav\u00e9s de los aromas y logramos aliviar dolores, relajarnos, respirar mejor y muchos beneficios m\u00e1s. Los aromas pueden ayudarnos a aliviar tensiones, prevenir el estr\u00e9s, relajarnos despu\u00e9s de un d\u00eda agotador y poder conciliar el sue\u00f1o, crear un clima de armon\u00eda en el hogar, favoreciendo las buenas relaciones.<\/p>\n\n\t\t<\/div>\n\t<\/div>\n<\/div><\/div><\/div><div class=\"wpb_column vc_column_container vc_col-sm-6\"><div class=\"vc_column-inner\"><div class=\"wpb_wrapper\">\n\t<div  class=\"wpb_single_image wpb_content_element vc_align_left\">\n\t\t\n\t\t<figure class=\"wpb_wrapper vc_figure\">\n\t\t\t<div class=\"vc_single_image-wrapper   vc_box_border_grey\"><img decoding=\"async\" width=\"1080\" height=\"1080\" src=\"https:\/\/i0.wp.com\/aurencosmetica.com\/wp-content\/uploads\/2021\/08\/La-aromaterapia-es-un-enfoque-holistico-de-bienestar-que-utiliza-aceites-esenciales-aroma-vida.jpg?fit=1080%2C1080&amp;ssl=1\" class=\"vc_single_image-img attachment-full\" alt=\"\" title=\"La aromaterapia es un enfoque hol\u00edstico de bienestar que utiliza aceites esenciales aroma vida\" srcset=\"https:\/\/i0.wp.com\/aurencosmetica.com\/wp-content\/uploads\/2021\/08\/La-aromaterapia-es-un-enfoque-holistico-de-bienestar-que-utiliza-aceites-esenciales-aroma-vida.jpg?w=1080&amp;ssl=1 1080w, https:\/\/i0.wp.com\/aurencosmetica.com\/wp-content\/uploads\/2021\/08\/La-aromaterapia-es-un-enfoque-holistico-de-bienestar-que-utiliza-aceites-esenciales-aroma-vida.jpg?resize=300%2C300&amp;ssl=1 300w, https:\/\/i0.wp.com\/aurencosmetica.com\/wp-content\/uploads\/2021\/08\/La-aromaterapia-es-un-enfoque-holistico-de-bienestar-que-utiliza-aceites-esenciales-aroma-vida.jpg?resize=800%2C800&amp;ssl=1 800w, https:\/\/i0.wp.com\/aurencosmetica.com\/wp-content\/uploads\/2021\/08\/La-aromaterapia-es-un-enfoque-holistico-de-bienestar-que-utiliza-aceites-esenciales-aroma-vida.jpg?resize=150%2C150&amp;ssl=1 150w, https:\/\/i0.wp.com\/aurencosmetica.com\/wp-content\/uploads\/2021\/08\/La-aromaterapia-es-un-enfoque-holistico-de-bienestar-que-utiliza-aceites-esenciales-aroma-vida.jpg?resize=768%2C768&amp;ssl=1 768w, https:\/\/i0.wp.com\/aurencosmetica.com\/wp-content\/uploads\/2021\/08\/La-aromaterapia-es-un-enfoque-holistico-de-bienestar-que-utiliza-aceites-esenciales-aroma-vida.jpg?resize=12%2C12&amp;ssl=1 12w, https:\/\/i0.wp.com\/aurencosmetica.com\/wp-content\/uploads\/2021\/08\/La-aromaterapia-es-un-enfoque-holistico-de-bienestar-que-utiliza-aceites-esenciales-aroma-vida.jpg?resize=860%2C860&amp;ssl=1 860w, https:\/\/i0.wp.com\/aurencosmetica.com\/wp-content\/uploads\/2021\/08\/La-aromaterapia-es-un-enfoque-holistico-de-bienestar-que-utiliza-aceites-esenciales-aroma-vida.jpg?resize=430%2C430&amp;ssl=1 430w, https:\/\/i0.wp.com\/aurencosmetica.com\/wp-content\/uploads\/2021\/08\/La-aromaterapia-es-un-enfoque-holistico-de-bienestar-que-utiliza-aceites-esenciales-aroma-vida.jpg?resize=700%2C700&amp;ssl=1 700w\" sizes=\"(max-width: 1000px) 100vw, 1000px\" \/><\/div>\n\t\t<\/figure>\n\t<\/div>\n<\/div><\/div><\/div><\/div><div class=\"vc_row wpb_row vc_row-fluid\"><div class=\"wpb_column vc_column_container vc_col-sm-12\"><div class=\"vc_column-inner\"><div class=\"wpb_wrapper\">\n\t<div class=\"wpb_text_column wpb_content_element\" >\n\t\t<div class=\"wpb_wrapper\">\n\t\t\t<p>Pero, <b>\u00bfqu\u00e9 es la aroma-terapia?<\/b> Es un m\u00e9todo curativo de algunas enfermedades que se fundamenta en los efectos producidos por los aromas en el organismo. Desde tiempos remotos el ser humano ha utilizado las plantas con fines terap\u00e9uticos, dadas sus propiedades preventivas y curativas.<\/p>\n<p><strong>\u00a0\u00bfC\u00f3mo funciona?<\/strong> A trav\u00e9s del sentido del olfato y sus receptores nerviosos conectan directamente con el cerebro. Cuando los aceites esenciales toman contacto con la piel, pasan directamente al torrente sangu\u00edneo, dando un r\u00e1pido efecto. Es importante saber que s\u00f3lo los aceites 100 por ciento naturales pueden ser usados en la piel. Vale aclarar que la aroma terapia no reemplaza a la medicina, puede ser un complemento, pero jam\u00e1s debemos dejar de lado la consulta con el m\u00e9dico.<\/p>\n\n\t\t<\/div>\n\t<\/div>\n<\/div><\/div><\/div><\/div><div class=\"vc_row wpb_row vc_row-fluid\"><div class=\"wpb_column vc_column_container vc_col-sm-12\"><div class=\"vc_column-inner\"><div class=\"wpb_wrapper\">\n\t<div class=\"wpb_text_column wpb_content_element\" >\n\t\t<div class=\"wpb_wrapper\">\n\t\t\t<p><strong>PARA MANTENERTE CONECTADO CON TU\u00a0<\/strong><b>INTERIOR<\/b><\/p>\n<p>A veces hay momentos del d\u00eda que quieres solo estar contigo, usa para ti y para tus espacios\u00a0 aquellos productos que en su acci\u00f3n aromoterap\u00e9utica logran conectarte y relajarte para encontrar respuestas o solo disfrutar del momento.<\/p>\n<p>Hablamos sobre la magia de los aromas y su efecto en las personas; podr\u00edas crear tu propio Ritual con una linea floral.<\/p>\n\n\t\t<\/div>\n\t<\/div>\n<\/div><\/div><\/div><\/div><div class=\"vc_row wpb_row vc_row-fluid\"><div class=\"wpb_column vc_column_container vc_col-sm-4\"><div class=\"vc_column-inner\"><div class=\"wpb_wrapper\">\n\t<div  class=\"wpb_single_image wpb_content_element vc_align_left\">\n\t\t\n\t\t<figure class=\"wpb_wrapper vc_figure\">\n\t\t\t<div class=\"vc_single_image-wrapper   vc_box_border_grey\"><img decoding=\"async\" width=\"1024\" height=\"1024\" src=\"https:\/\/i0.wp.com\/aurencosmetica.com\/wp-content\/uploads\/2022\/02\/lino-bosque-250-.jpg?fit=1024%2C1024&amp;ssl=1\" class=\"vc_single_image-img attachment-full\" alt=\"\" title=\"lino bosque 250\" srcset=\"https:\/\/i0.wp.com\/aurencosmetica.com\/wp-content\/uploads\/2022\/02\/lino-bosque-250-.jpg?w=1024&amp;ssl=1 1024w, https:\/\/i0.wp.com\/aurencosmetica.com\/wp-content\/uploads\/2022\/02\/lino-bosque-250-.jpg?resize=300%2C300&amp;ssl=1 300w, https:\/\/i0.wp.com\/aurencosmetica.com\/wp-content\/uploads\/2022\/02\/lino-bosque-250-.jpg?resize=800%2C800&amp;ssl=1 800w, https:\/\/i0.wp.com\/aurencosmetica.com\/wp-content\/uploads\/2022\/02\/lino-bosque-250-.jpg?resize=150%2C150&amp;ssl=1 150w, https:\/\/i0.wp.com\/aurencosmetica.com\/wp-content\/uploads\/2022\/02\/lino-bosque-250-.jpg?resize=768%2C768&amp;ssl=1 768w, https:\/\/i0.wp.com\/aurencosmetica.com\/wp-content\/uploads\/2022\/02\/lino-bosque-250-.jpg?resize=12%2C12&amp;ssl=1 12w, https:\/\/i0.wp.com\/aurencosmetica.com\/wp-content\/uploads\/2022\/02\/lino-bosque-250-.jpg?resize=860%2C860&amp;ssl=1 860w, https:\/\/i0.wp.com\/aurencosmetica.com\/wp-content\/uploads\/2022\/02\/lino-bosque-250-.jpg?resize=430%2C430&amp;ssl=1 430w, https:\/\/i0.wp.com\/aurencosmetica.com\/wp-content\/uploads\/2022\/02\/lino-bosque-250-.jpg?resize=700%2C700&amp;ssl=1 700w\" sizes=\"(max-width: 1000px) 100vw, 1000px\" \/><\/div>\n\t\t<\/figure>\n\t<\/div>\n\n\t<div class=\"wpb_text_column wpb_content_element\" >\n\t\t<div class=\"wpb_wrapper\">\n\t\t\t<p><a href=\"https:\/\/aureacosmetica.com\/aroma-para-tus-espacios\/\"><span style=\"color: #99cc00;\"><strong>EN TUS<\/strong>\u00a0<strong>ESPACIOS<\/strong><\/span><\/a><strong><a href=\"https:\/\/aureacosmetica.com\/aroma-para-tus-espacios\/\">\u00a0<\/a><\/strong><\/p>\n<ul>\n<li>AGUA DE LINO floral para tus espacios y lugares de disfrute y reflexi\u00f3n<\/li>\n<\/ul>\n\n\t\t<\/div>\n\t<\/div>\n<\/div><\/div><\/div><div class=\"wpb_column vc_column_container vc_col-sm-4\"><div class=\"vc_column-inner\"><div class=\"wpb_wrapper\">\n\t<div  class=\"wpb_single_image wpb_content_element vc_align_left\">\n\t\t\n\t\t<figure class=\"wpb_wrapper vc_figure\">\n\t\t\t<div class=\"vc_single_image-wrapper   vc_box_border_grey\"><img decoding=\"async\" width=\"1024\" height=\"1024\" src=\"https:\/\/i0.wp.com\/aurencosmetica.com\/wp-content\/uploads\/2022\/02\/cardamomo-albahaca-2.jpg?fit=1024%2C1024&amp;ssl=1\" class=\"vc_single_image-img attachment-full\" alt=\"\" title=\"cardamomo albahaca 2\" srcset=\"https:\/\/i0.wp.com\/aurencosmetica.com\/wp-content\/uploads\/2022\/02\/cardamomo-albahaca-2.jpg?w=1024&amp;ssl=1 1024w, https:\/\/i0.wp.com\/aurencosmetica.com\/wp-content\/uploads\/2022\/02\/cardamomo-albahaca-2.jpg?resize=300%2C300&amp;ssl=1 300w, https:\/\/i0.wp.com\/aurencosmetica.com\/wp-content\/uploads\/2022\/02\/cardamomo-albahaca-2.jpg?resize=800%2C800&amp;ssl=1 800w, https:\/\/i0.wp.com\/aurencosmetica.com\/wp-content\/uploads\/2022\/02\/cardamomo-albahaca-2.jpg?resize=150%2C150&amp;ssl=1 150w, https:\/\/i0.wp.com\/aurencosmetica.com\/wp-content\/uploads\/2022\/02\/cardamomo-albahaca-2.jpg?resize=768%2C768&amp;ssl=1 768w, https:\/\/i0.wp.com\/aurencosmetica.com\/wp-content\/uploads\/2022\/02\/cardamomo-albahaca-2.jpg?resize=12%2C12&amp;ssl=1 12w, https:\/\/i0.wp.com\/aurencosmetica.com\/wp-content\/uploads\/2022\/02\/cardamomo-albahaca-2.jpg?resize=860%2C860&amp;ssl=1 860w, https:\/\/i0.wp.com\/aurencosmetica.com\/wp-content\/uploads\/2022\/02\/cardamomo-albahaca-2.jpg?resize=430%2C430&amp;ssl=1 430w, https:\/\/i0.wp.com\/aurencosmetica.com\/wp-content\/uploads\/2022\/02\/cardamomo-albahaca-2.jpg?resize=700%2C700&amp;ssl=1 700w\" sizes=\"(max-width: 1000px) 100vw, 1000px\" \/><\/div>\n\t\t<\/figure>\n\t<\/div>\n\n\t<div class=\"wpb_text_column wpb_content_element\" >\n\t\t<div class=\"wpb_wrapper\">\n\t\t\t<p><a style=\"color: #99cc00; font-weight: bold;\" href=\"https:\/\/aureacosmetica.com\/cuidado-corporal\/\">EN PARA UNA DELICIOSA DUCHA DE CONEXI\u00d3N\u00a0<\/a><\/p>\n<ul>\n<li>Gel de ba\u00f1o Lavanda<\/li>\n<li>Jab\u00f3n de glicerina facial de durazno y palmarosa<\/li>\n<li>Shampoo hierbas dulces<\/li>\n<\/ul>\n\n\t\t<\/div>\n\t<\/div>\n<\/div><\/div><\/div><div class=\"wpb_column vc_column_container vc_col-sm-4\"><div class=\"vc_column-inner\"><div class=\"wpb_wrapper\">\n\t<div  class=\"wpb_single_image wpb_content_element vc_align_left\">\n\t\t\n\t\t<figure class=\"wpb_wrapper vc_figure\">\n\t\t\t<div class=\"vc_single_image-wrapper   vc_box_border_grey\"><img decoding=\"async\" width=\"1024\" height=\"1024\" src=\"https:\/\/i0.wp.com\/aurencosmetica.com\/wp-content\/uploads\/2022\/02\/Oleo-Maracuya-Rosas_20231106_95549547.jpg?fit=1024%2C1024&amp;ssl=1\" class=\"vc_single_image-img attachment-full\" alt=\"\" title=\"Oleo-Maracuya-Rosas_20231106_95549547\" srcset=\"https:\/\/i0.wp.com\/aurencosmetica.com\/wp-content\/uploads\/2022\/02\/Oleo-Maracuya-Rosas_20231106_95549547.jpg?w=1024&amp;ssl=1 1024w, https:\/\/i0.wp.com\/aurencosmetica.com\/wp-content\/uploads\/2022\/02\/Oleo-Maracuya-Rosas_20231106_95549547.jpg?resize=300%2C300&amp;ssl=1 300w, https:\/\/i0.wp.com\/aurencosmetica.com\/wp-content\/uploads\/2022\/02\/Oleo-Maracuya-Rosas_20231106_95549547.jpg?resize=800%2C800&amp;ssl=1 800w, https:\/\/i0.wp.com\/aurencosmetica.com\/wp-content\/uploads\/2022\/02\/Oleo-Maracuya-Rosas_20231106_95549547.jpg?resize=150%2C150&amp;ssl=1 150w, https:\/\/i0.wp.com\/aurencosmetica.com\/wp-content\/uploads\/2022\/02\/Oleo-Maracuya-Rosas_20231106_95549547.jpg?resize=768%2C768&amp;ssl=1 768w, https:\/\/i0.wp.com\/aurencosmetica.com\/wp-content\/uploads\/2022\/02\/Oleo-Maracuya-Rosas_20231106_95549547.jpg?resize=12%2C12&amp;ssl=1 12w, https:\/\/i0.wp.com\/aurencosmetica.com\/wp-content\/uploads\/2022\/02\/Oleo-Maracuya-Rosas_20231106_95549547.jpg?resize=860%2C860&amp;ssl=1 860w, https:\/\/i0.wp.com\/aurencosmetica.com\/wp-content\/uploads\/2022\/02\/Oleo-Maracuya-Rosas_20231106_95549547.jpg?resize=430%2C430&amp;ssl=1 430w, https:\/\/i0.wp.com\/aurencosmetica.com\/wp-content\/uploads\/2022\/02\/Oleo-Maracuya-Rosas_20231106_95549547.jpg?resize=700%2C700&amp;ssl=1 700w\" sizes=\"(max-width: 1000px) 100vw, 1000px\" \/><\/div>\n\t\t<\/figure>\n\t<\/div>\n\n\t<div class=\"wpb_text_column wpb_content_element\" >\n\t\t<div class=\"wpb_wrapper\">\n\t\t\t<p><a style=\"color: #99cc00; font-weight: bold;\" href=\"https:\/\/aureacosmetica.com\/cuidado-facial\/\">PARA HUMECTAR TU PIEL EN UN MOMENTO INTIMO<\/a><\/p>\n<p><span style=\"color: #000000;\"><strong>\u00a0<\/strong><\/span>Aceite para masajes humectante de manzanilla, geranio o lavanda<\/p>\n<ul>\n<li>Agua t\u00f3nica de rosas<\/li>\n<li>Oleo f\u00e1cil durazno palmarosa<\/li>\n<li>Oleo bif\u00e1sico floral<\/li>\n<\/ul>\n\n\t\t<\/div>\n\t<\/div>\n<\/div><\/div><\/div><\/div>","protected":false},"excerpt":{"rendered":"La armon\u00eda \u00e1urea es una forma de ver el mundo que todos podemos tomar, Pero \u00bfqu\u00e9 significa vivir en armon\u00eda?","protected":false},"author":1,"featured_media":7937,"comment_status":"open","ping_status":"open","sticky":false,"template":"","format":"standard","meta":{"content-type":"","_jetpack_memberships_contains_paid_content":false,"_joinchat":[],"footnotes":"","jetpack_publicize_message":"","jetpack_publicize_feature_enabled":true,"jetpack_social_post_already_shared":false,"jetpack_social_options":{"image_generator_settings":{"template":"highway","default_image_id":0,"enabled":false},"version":2}},"categories":[255],"tags":[247,251,248,249,250],"class_list":["post-7251","post","type-post","status-publish","format-standard","has-post-thumbnail","hentry","category-bienestar-emosional","tag-aromaterapia","tag-bienestar-energetico","tag-cosmetica-natural","tag-cuidado-de-piel","tag-equilibrio-emocional"],"yoast_head":"<!-- This site is optimized with the Yoast SEO plugin v25.7 - https:\/\/yoast.com\/wordpress\/plugins\/seo\/ -->\n<title>ARMON\u00cdA \u00c1UREN - \u00c1uren Cosm\u00e9tica<\/title>\n<meta name=\"robots\" content=\"index, follow, max-snippet:-1, max-image-preview:large, max-video-preview:-1\" \/>\n<link rel=\"canonical\" href=\"https:\/\/aurencosmetica.com\/en\/armonia-aurea\/\" \/>\n<meta property=\"og:locale\" content=\"en_US\" \/>\n<meta property=\"og:type\" content=\"article\" \/>\n<meta property=\"og:title\" content=\"ARMON\u00cdA \u00c1UREN - \u00c1uren Cosm\u00e9tica\" \/>\n<meta property=\"og:url\" content=\"https:\/\/aurencosmetica.com\/en\/armonia-aurea\/\" \/>\n<meta property=\"og:site_name\" content=\"\u00c1uren Cosm\u00e9tica\" \/>\n<meta property=\"article:published_time\" content=\"2022-02-01T03:41:38+00:00\" \/>\n<meta property=\"article:modified_time\" content=\"2024-01-26T16:32:26+00:00\" \/>\n<meta property=\"og:image\" content=\"https:\/\/aurencosmetica.com\/wp-content\/uploads\/2021\/08\/La-aromaterapia-es-un-enfoque-holistico-de-bienestar-que-utiliza-aceites-esenciales-aroma-vida.jpg\" \/>\n\t<meta property=\"og:image:width\" content=\"1080\" \/>\n\t<meta property=\"og:image:height\" content=\"1080\" \/>\n\t<meta property=\"og:image:type\" content=\"image\/jpeg\" \/>\n<meta name=\"author\" content=\"aurencosmetica\" \/>\n<meta name=\"twitter:card\" content=\"summary_large_image\" \/>\n<meta name=\"twitter:label1\" content=\"Written by\" \/>\n\t<meta name=\"twitter:data1\" content=\"aurencosmetica\" \/>\n\t<meta name=\"twitter:label2\" content=\"Est. reading time\" \/>\n\t<meta name=\"twitter:data2\" content=\"3 minutes\" \/>\n<script type=\"application\/ld+json\" class=\"yoast-schema-graph\">{\"@context\":\"https:\/\/schema.org\",\"@graph\":[{\"@type\":\"Article\",\"@id\":\"https:\/\/aurencosmetica.com\/armonia-aurea\/#article\",\"isPartOf\":{\"@id\":\"https:\/\/aurencosmetica.com\/armonia-aurea\/\"},\"author\":{\"name\":\"aurencosmetica\",\"@id\":\"https:\/\/aurencosmetica.com\/#\/schema\/person\/67e1267504877351cd2928e2b70bbb57\"},\"headline\":\"ARMON\u00cdA \u00c1UREN\",\"datePublished\":\"2022-02-01T03:41:38+00:00\",\"dateModified\":\"2024-01-26T16:32:26+00:00\",\"mainEntityOfPage\":{\"@id\":\"https:\/\/aurencosmetica.com\/armonia-aurea\/\"},\"wordCount\":669,\"commentCount\":0,\"publisher\":{\"@id\":\"https:\/\/aurencosmetica.com\/#organization\"},\"image\":{\"@id\":\"https:\/\/aurencosmetica.com\/armonia-aurea\/#primaryimage\"},\"thumbnailUrl\":\"https:\/\/i0.wp.com\/aurencosmetica.com\/wp-content\/uploads\/2021\/08\/La-aromaterapia-es-un-enfoque-holistico-de-bienestar-que-utiliza-aceites-esenciales-aroma-vida.jpg?fit=1080%2C1080&ssl=1\",\"keywords\":[\"AROMATERAPIA\",\"bienestar en\u00e9rgetico\",\"COSMETICA NATURAL\",\"cuidado de piel\",\"equilibrio emocional\"],\"articleSection\":[\"bienestar emosional\"],\"inLanguage\":\"en-US\",\"potentialAction\":[{\"@type\":\"CommentAction\",\"name\":\"Comment\",\"target\":[\"https:\/\/aurencosmetica.com\/armonia-aurea\/#respond\"]}]},{\"@type\":\"WebPage\",\"@id\":\"https:\/\/aurencosmetica.com\/armonia-aurea\/\",\"url\":\"https:\/\/aurencosmetica.com\/armonia-aurea\/\",\"name\":\"ARMON\u00cdA \u00c1UREN - \u00c1uren Cosm\u00e9tica\",\"isPartOf\":{\"@id\":\"https:\/\/aurencosmetica.com\/#website\"},\"primaryImageOfPage\":{\"@id\":\"https:\/\/aurencosmetica.com\/armonia-aurea\/#primaryimage\"},\"image\":{\"@id\":\"https:\/\/aurencosmetica.com\/armonia-aurea\/#primaryimage\"},\"thumbnailUrl\":\"https:\/\/i0.wp.com\/aurencosmetica.com\/wp-content\/uploads\/2021\/08\/La-aromaterapia-es-un-enfoque-holistico-de-bienestar-que-utiliza-aceites-esenciales-aroma-vida.jpg?fit=1080%2C1080&ssl=1\",\"datePublished\":\"2022-02-01T03:41:38+00:00\",\"dateModified\":\"2024-01-26T16:32:26+00:00\",\"breadcrumb\":{\"@id\":\"https:\/\/aurencosmetica.com\/armonia-aurea\/#breadcrumb\"},\"inLanguage\":\"en-US\",\"potentialAction\":[{\"@type\":\"ReadAction\",\"target\":[\"https:\/\/aurencosmetica.com\/armonia-aurea\/\"]}]},{\"@type\":\"ImageObject\",\"inLanguage\":\"en-US\",\"@id\":\"https:\/\/aurencosmetica.com\/armonia-aurea\/#primaryimage\",\"url\":\"https:\/\/i0.wp.com\/aurencosmetica.com\/wp-content\/uploads\/2021\/08\/La-aromaterapia-es-un-enfoque-holistico-de-bienestar-que-utiliza-aceites-esenciales-aroma-vida.jpg?fit=1080%2C1080&ssl=1\",\"contentUrl\":\"https:\/\/i0.wp.com\/aurencosmetica.com\/wp-content\/uploads\/2021\/08\/La-aromaterapia-es-un-enfoque-holistico-de-bienestar-que-utiliza-aceites-esenciales-aroma-vida.jpg?fit=1080%2C1080&ssl=1\",\"width\":1080,\"height\":1080},{\"@type\":\"BreadcrumbList\",\"@id\":\"https:\/\/aurencosmetica.com\/armonia-aurea\/#breadcrumb\",\"itemListElement\":[{\"@type\":\"ListItem\",\"position\":1,\"name\":\"Portada\",\"item\":\"https:\/\/aurencosmetica.com\/\"},{\"@type\":\"ListItem\",\"position\":2,\"name\":\"ARMON\u00cdA \u00c1UREN\"}]},{\"@type\":\"WebSite\",\"@id\":\"https:\/\/aurencosmetica.com\/#website\",\"url\":\"https:\/\/aurencosmetica.com\/\",\"name\":\"\u00c1uren Cosm\u00e9tica\",\"description\":\"Cosm\u00e9tica Natural\",\"publisher\":{\"@id\":\"https:\/\/aurencosmetica.com\/#organization\"},\"potentialAction\":[{\"@type\":\"SearchAction\",\"target\":{\"@type\":\"EntryPoint\",\"urlTemplate\":\"https:\/\/aurencosmetica.com\/?s={search_term_string}\"},\"query-input\":{\"@type\":\"PropertyValueSpecification\",\"valueRequired\":true,\"valueName\":\"search_term_string\"}}],\"inLanguage\":\"en-US\"},{\"@type\":\"Organization\",\"@id\":\"https:\/\/aurencosmetica.com\/#organization\",\"name\":\"\u00c1uren Cosm\u00e9tica\",\"url\":\"https:\/\/aurencosmetica.com\/\",\"logo\":{\"@type\":\"ImageObject\",\"inLanguage\":\"en-US\",\"@id\":\"https:\/\/aurencosmetica.com\/#\/schema\/logo\/image\/\",\"url\":\"https:\/\/i0.wp.com\/aurencosmetica.com\/wp-content\/uploads\/2022\/02\/Logo-Auren.png?fit=1043%2C423&ssl=1\",\"contentUrl\":\"https:\/\/i0.wp.com\/aurencosmetica.com\/wp-content\/uploads\/2022\/02\/Logo-Auren.png?fit=1043%2C423&ssl=1\",\"width\":1043,\"height\":423,\"caption\":\"\u00c1uren Cosm\u00e9tica\"},\"image\":{\"@id\":\"https:\/\/aurencosmetica.com\/#\/schema\/logo\/image\/\"}},{\"@type\":\"Person\",\"@id\":\"https:\/\/aurencosmetica.com\/#\/schema\/person\/67e1267504877351cd2928e2b70bbb57\",\"name\":\"aurencosmetica\",\"image\":{\"@type\":\"ImageObject\",\"inLanguage\":\"en-US\",\"@id\":\"https:\/\/aurencosmetica.com\/#\/schema\/person\/image\/\",\"url\":\"https:\/\/secure.gravatar.com\/avatar\/d8fc6a363e8c8bb6d4b412b6d66443281777a9d36cf086adbc315836b4415c41?s=96&d=mm&r=g\",\"contentUrl\":\"https:\/\/secure.gravatar.com\/avatar\/d8fc6a363e8c8bb6d4b412b6d66443281777a9d36cf086adbc315836b4415c41?s=96&d=mm&r=g\",\"caption\":\"aurencosmetica\"},\"sameAs\":[\"https:\/\/aurencosmetica.com\"],\"url\":\"https:\/\/aurencosmetica.com\/en\/author\/aurencosmetica\/\"}]}<\/script>\n<!-- \/ Yoast SEO plugin. -->","yoast_head_json":{"title":"ARMON\u00cdA \u00c1UREN - \u00c1uren Cosm\u00e9tica","robots":{"index":"index","follow":"follow","max-snippet":"max-snippet:-1","max-image-preview":"max-image-preview:large","max-video-preview":"max-video-preview:-1"},"canonical":"https:\/\/aurencosmetica.com\/en\/armonia-aurea\/","og_locale":"en_US","og_type":"article","og_title":"ARMON\u00cdA \u00c1UREN - \u00c1uren Cosm\u00e9tica","og_url":"https:\/\/aurencosmetica.com\/en\/armonia-aurea\/","og_site_name":"\u00c1uren Cosm\u00e9tica","article_published_time":"2022-02-01T03:41:38+00:00","article_modified_time":"2024-01-26T16:32:26+00:00","og_image":[{"width":1080,"height":1080,"url":"https:\/\/aurencosmetica.com\/wp-content\/uploads\/2021\/08\/La-aromaterapia-es-un-enfoque-holistico-de-bienestar-que-utiliza-aceites-esenciales-aroma-vida.jpg","type":"image\/jpeg"}],"author":"aurencosmetica","twitter_card":"summary_large_image","twitter_misc":{"Written by":"aurencosmetica","Est. reading time":"3 minutes"},"schema":{"@context":"https:\/\/schema.org","@graph":[{"@type":"Article","@id":"https:\/\/aurencosmetica.com\/armonia-aurea\/#article","isPartOf":{"@id":"https:\/\/aurencosmetica.com\/armonia-aurea\/"},"author":{"name":"aurencosmetica","@id":"https:\/\/aurencosmetica.com\/#\/schema\/person\/67e1267504877351cd2928e2b70bbb57"},"headline":"ARMON\u00cdA \u00c1UREN","datePublished":"2022-02-01T03:41:38+00:00","dateModified":"2024-01-26T16:32:26+00:00","mainEntityOfPage":{"@id":"https:\/\/aurencosmetica.com\/armonia-aurea\/"},"wordCount":669,"commentCount":0,"publisher":{"@id":"https:\/\/aurencosmetica.com\/#organization"},"image":{"@id":"https:\/\/aurencosmetica.com\/armonia-aurea\/#primaryimage"},"thumbnailUrl":"https:\/\/i0.wp.com\/aurencosmetica.com\/wp-content\/uploads\/2021\/08\/La-aromaterapia-es-un-enfoque-holistico-de-bienestar-que-utiliza-aceites-esenciales-aroma-vida.jpg?fit=1080%2C1080&ssl=1","keywords":["AROMATERAPIA","bienestar en\u00e9rgetico","COSMETICA NATURAL","cuidado de piel","equilibrio emocional"],"articleSection":["bienestar emosional"],"inLanguage":"en-US","potentialAction":[{"@type":"CommentAction","name":"Comment","target":["https:\/\/aurencosmetica.com\/armonia-aurea\/#respond"]}]},{"@type":"WebPage","@id":"https:\/\/aurencosmetica.com\/armonia-aurea\/","url":"https:\/\/aurencosmetica.com\/armonia-aurea\/","name":"ARMON\u00cdA \u00c1UREN - \u00c1uren Cosm\u00e9tica","isPartOf":{"@id":"https:\/\/aurencosmetica.com\/#website"},"primaryImageOfPage":{"@id":"https:\/\/aurencosmetica.com\/armonia-aurea\/#primaryimage"},"image":{"@id":"https:\/\/aurencosmetica.com\/armonia-aurea\/#primaryimage"},"thumbnailUrl":"https:\/\/i0.wp.com\/aurencosmetica.com\/wp-content\/uploads\/2021\/08\/La-aromaterapia-es-un-enfoque-holistico-de-bienestar-que-utiliza-aceites-esenciales-aroma-vida.jpg?fit=1080%2C1080&ssl=1","datePublished":"2022-02-01T03:41:38+00:00","dateModified":"2024-01-26T16:32:26+00:00","breadcrumb":{"@id":"https:\/\/aurencosmetica.com\/armonia-aurea\/#breadcrumb"},"inLanguage":"en-US","potentialAction":[{"@type":"ReadAction","target":["https:\/\/aurencosmetica.com\/armonia-aurea\/"]}]},{"@type":"ImageObject","inLanguage":"en-US","@id":"https:\/\/aurencosmetica.com\/armonia-aurea\/#primaryimage","url":"https:\/\/i0.wp.com\/aurencosmetica.com\/wp-content\/uploads\/2021\/08\/La-aromaterapia-es-un-enfoque-holistico-de-bienestar-que-utiliza-aceites-esenciales-aroma-vida.jpg?fit=1080%2C1080&ssl=1","contentUrl":"https:\/\/i0.wp.com\/aurencosmetica.com\/wp-content\/uploads\/2021\/08\/La-aromaterapia-es-un-enfoque-holistico-de-bienestar-que-utiliza-aceites-esenciales-aroma-vida.jpg?fit=1080%2C1080&ssl=1","width":1080,"height":1080},{"@type":"BreadcrumbList","@id":"https:\/\/aurencosmetica.com\/armonia-aurea\/#breadcrumb","itemListElement":[{"@type":"ListItem","position":1,"name":"Portada","item":"https:\/\/aurencosmetica.com\/"},{"@type":"ListItem","position":2,"name":"ARMON\u00cdA \u00c1UREN"}]},{"@type":"WebSite","@id":"https:\/\/aurencosmetica.com\/#website","url":"https:\/\/aurencosmetica.com\/","name":"\u00c1uren Cosm\u00e9tica","description":"Cosm\u00e9tica Natural","publisher":{"@id":"https:\/\/aurencosmetica.com\/#organization"},"potentialAction":[{"@type":"SearchAction","target":{"@type":"EntryPoint","urlTemplate":"https:\/\/aurencosmetica.com\/?s={search_term_string}"},"query-input":{"@type":"PropertyValueSpecification","valueRequired":true,"valueName":"search_term_string"}}],"inLanguage":"en-US"},{"@type":"Organization","@id":"https:\/\/aurencosmetica.com\/#organization","name":"\u00c1uren Cosm\u00e9tica","url":"https:\/\/aurencosmetica.com\/","logo":{"@type":"ImageObject","inLanguage":"en-US","@id":"https:\/\/aurencosmetica.com\/#\/schema\/logo\/image\/","url":"https:\/\/i0.wp.com\/aurencosmetica.com\/wp-content\/uploads\/2022\/02\/Logo-Auren.png?fit=1043%2C423&ssl=1","contentUrl":"https:\/\/i0.wp.com\/aurencosmetica.com\/wp-content\/uploads\/2022\/02\/Logo-Auren.png?fit=1043%2C423&ssl=1","width":1043,"height":423,"caption":"\u00c1uren Cosm\u00e9tica"},"image":{"@id":"https:\/\/aurencosmetica.com\/#\/schema\/logo\/image\/"}},{"@type":"Person","@id":"https:\/\/aurencosmetica.com\/#\/schema\/person\/67e1267504877351cd2928e2b70bbb57","name":"aurencosmetica","image":{"@type":"ImageObject","inLanguage":"en-US","@id":"https:\/\/aurencosmetica.com\/#\/schema\/person\/image\/","url":"https:\/\/secure.gravatar.com\/avatar\/d8fc6a363e8c8bb6d4b412b6d66443281777a9d36cf086adbc315836b4415c41?s=96&d=mm&r=g","contentUrl":"https:\/\/secure.gravatar.com\/avatar\/d8fc6a363e8c8bb6d4b412b6d66443281777a9d36cf086adbc315836b4415c41?s=96&d=mm&r=g","caption":"aurencosmetica"},"sameAs":["https:\/\/aurencosmetica.com"],"url":"https:\/\/aurencosmetica.com\/en\/author\/aurencosmetica\/"}]}},"jetpack_publicize_connections":[],"jetpack_featured_media_url":"https:\/\/i0.wp.com\/aurencosmetica.com\/wp-content\/uploads\/2021\/08\/La-aromaterapia-es-un-enfoque-holistico-de-bienestar-que-utiliza-aceites-esenciales-aroma-vida.jpg?fit=1080%2C1080&ssl=1","jetpack_sharing_enabled":true,"_links":{"self":[{"href":"https:\/\/aurencosmetica.com\/en\/wp-json\/wp\/v2\/posts\/7251","targetHints":{"allow":["GET"]}}],"collection":[{"href":"https:\/\/aurencosmetica.com\/en\/wp-json\/wp\/v2\/posts"}],"about":[{"href":"https:\/\/aurencosmetica.com\/en\/wp-json\/wp\/v2\/types\/post"}],"author":[{"embeddable":true,"href":"https:\/\/aurencosmetica.com\/en\/wp-json\/wp\/v2\/users\/1"}],"replies":[{"embeddable":true,"href":"https:\/\/aurencosmetica.com\/en\/wp-json\/wp\/v2\/comments?post=7251"}],"version-history":[{"count":0,"href":"https:\/\/aurencosmetica.com\/en\/wp-json\/wp\/v2\/posts\/7251\/revisions"}],"wp:featuredmedia":[{"embeddable":true,"href":"https:\/\/aurencosmetica.com\/en\/wp-json\/wp\/v2\/media\/7937"}],"wp:attachment":[{"href":"https:\/\/aurencosmetica.com\/en\/wp-json\/wp\/v2\/media?parent=7251"}],"wp:term":[{"taxonomy":"category","embeddable":true,"href":"https:\/\/aurencosmetica.com\/en\/wp-json\/wp\/v2\/categories?post=7251"},{"taxonomy":"post_tag","embeddable":true,"href":"https:\/\/aurencosmetica.com\/en\/wp-json\/wp\/v2\/tags?post=7251"}],"curies":[{"name":"wp","href":"https:\/\/api.w.org\/{rel}","templated":true}]}}